{"id":966,"date":"2020-08-03T13:59:00","date_gmt":"2020-08-03T11:59:00","guid":{"rendered":"https:\/\/www.itinerarte.eu\/?p=966"},"modified":"2020-08-03T14:00:35","modified_gmt":"2020-08-03T12:00:35","slug":"raffaello-1520-1483-roma","status":"publish","type":"post","link":"https:\/\/www.itinerarte.eu\/en\/raffaello-1520-1483-roma\/","title":{"rendered":"Raffaello 1520-1483 &#8211; Roma"},"content":{"rendered":"<p class=\"wp-block-paragraph\"> Doveva essere l&#8217;evento clou tra le iniziative che celebravano i 500 anni dalla morte, invece la Mostra &#8216;Raffaello 1520-1483&#8217; non \u00e8 stata neppure inaugurata il 5 marzo scorso che la pandemia di covid 19 e il successivo provvedimento governativo di lockdown ha costretto alla chiusura degli spazi e le opere sono rimaste al buio per tre mesi.<\/p>\n\n\n\n<p class=\"wp-block-paragraph\">Il 2 giugno, in principio indicato come giorno finale della mostra, l&#8217;esposizione \u00e8 stata riaperta, con felicit\u00e0 di quanti, me compresa, speravano di non perdere questa irreperibile opportunit\u00e0 di poter vedere tutte queste opere, da musei pubblici e collezioni private, del maestro di Urbino tutte insieme come mai prima.<\/p>\n\n\n\n<h3 class=\"wp-block-heading\">Partiamo dal giudizio: <strong>spettacolo<\/strong>! <\/h3>\n\n\n\n<div class=\"wp-block-image is-style-circle-mask\"><figure class=\"aligncenter size-large is-resized\"><img loading=\"lazy\" decoding=\"async\" src=\"https:\/\/www.itinerarte.eu\/wp-content\/uploads\/2020\/08\/WhatsApp-Image-2020-08-03-at-13.42.32-1-823x1024.jpeg\" alt=\"mostra raffaello - roma\" class=\"wp-image-969\" width=\"617\" height=\"768\" srcset=\"https:\/\/www.itinerarte.eu\/wp-content\/uploads\/2020\/08\/WhatsApp-Image-2020-08-03-at-13.42.32-1-823x1024.jpeg 823w, https:\/\/www.itinerarte.eu\/wp-content\/uploads\/2020\/08\/WhatsApp-Image-2020-08-03-at-13.42.32-1-241x300.jpeg 241w, https:\/\/www.itinerarte.eu\/wp-content\/uploads\/2020\/08\/WhatsApp-Image-2020-08-03-at-13.42.32-1-768x956.jpeg 768w, https:\/\/www.itinerarte.eu\/wp-content\/uploads\/2020\/08\/WhatsApp-Image-2020-08-03-at-13.42.32-1-1235x1536.jpeg 1235w, https:\/\/www.itinerarte.eu\/wp-content\/uploads\/2020\/08\/WhatsApp-Image-2020-08-03-at-13.42.32-1-600x747.jpeg 600w, https:\/\/www.itinerarte.eu\/wp-content\/uploads\/2020\/08\/WhatsApp-Image-2020-08-03-at-13.42.32-1-800x995.jpeg 800w, https:\/\/www.itinerarte.eu\/wp-content\/uploads\/2020\/08\/WhatsApp-Image-2020-08-03-at-13.42.32-1.jpeg 1286w\" sizes=\"auto, (max-width: 617px) 100vw, 617px\" \/><\/figure><\/div>\n\n\n\n<p class=\"wp-block-paragraph\">Originale ed azzeccato \u00e8 secondo me il criterio narrativo al contrario: si parte infatti dalla morte del pittore, avvenuta il 6 aprile 1520, stesso giorno della sua nascita, a soli 37 anni, per poi proseguire a ritroso, dall&#8217;apice del successo agli anni giovanili passando attraverso prodotti di genialit\u00e0 impareggiabili, disegni, progetti, per essere infine congedati dall&#8217;autoritratto proveniente dagli Uffizi di Firenze, realizzato quando il pittore aveva circa 20 anni. Oltre ai dipinti famosissimi come la Fornarina e la Velata, ci sono delle vere chicche come la lettera scritta insieme all&#8217;amico fraterno Baldassarre Castiglione che per noi storici dell&#8217;arte \u00e8 un pilastro fondamentale in quanto punto di partenza della moderna concezione di tutela e conservazione dei monumenti.\u00a0<\/p>\n\n\n\n<p class=\"wp-block-paragraph\">Il Coronavirus ha purtroppo complicato le modalit\u00e0 di visita ma \u00e8 un piccolo sacrificio per godere di una parvenza di normalit\u00e0. <\/p>\n\n\n\n<p class=\"wp-block-paragraph\">Dopo le ormai consuete procedure di controllo della temperatura e mascherina indossata come da disposizioni, si entra accompagnati da un inserviente a piccoli gruppi di massimo 10 persone e la permanenza nelle sale \u00e8 di soli 5 minuti scanditi da un &#8216;simpatico&#8217; campanello. Lo so, detto cos\u00ec il tempo sembra davvero poco tuttavia il piccolo gruppo si disperde nella sala e ci\u00f2 permette di ammirare le opere con calma una alla volta. In tempi normali non era sempre possibile, con le folle che talvolta danno anche fastidio. Certo, talune sale avrebbero bisogno di pi\u00f9 attenzione ma basta arrivare preparati. <\/p>\n\n\n\n<p class=\"wp-block-paragraph\">Io infatti, e lo consiglio assolutamente, ho scaricato l&#8217;app delle Scuderie del Quirinale (per ovvie ragioni \u00e8 sospeso il servizio di audioguide). Armati di cuffiette (solo auricolari personali quindi non dimenticateli!) si \u00e8 completamente immersi nella dimensione opera &#8211; osservatore mentre la voce narrante accompagna sala dopo sala. La visita dura circa 80 minuti e non \u00e8 possibile ritornare indietro sul percorso obbligato perci\u00f2 sfruttate tutto il tempo a disposizione per ogni singola opera. Il biglietto \u00e8 un p\u00f3 alto, 17.50\u20ac, mediamente di pi\u00f9 rispetto ad altre mostre viste alle Scuderie ma controllando il sito ci sono tante categorie di riduzione.\u00a0<\/p>\n\n\n\n<p class=\"wp-block-paragraph\">Le Scuderie del Quirinale sono facilmente raggiungibili dalla stazione Termini a piedi in circa 20 minuti o con i bus che partono dal piazzale antistante la stazione ed un breve percorso pedonale. Nelle vicinanze c&#8217;\u00e8 anche un parcheggio convenzionato e un utile servizio dogsitter <a href=\"http:\/\/www.bauadvisor.it\/\">@bauadvisor<\/a> per non lasciare l&#8217;amico peloso a casa.\u00a0<\/p>\n\n\n\n<p class=\"wp-block-paragraph\">C&#8217;\u00e8 possibilit\u00e0 di vedere la mostra fino al 31 agosto ma vi consiglio di correre a dare un&#8217;occhiata al sito per controllare le pochissime disponibilit\u00e0 rimaste. Utilissimo, per chi pu\u00f2, l&#8217;orario serale, fino alle 23:00 durante la settimana e fino all&#8217;una di notte il venerd\u00ec e sabato. Tenete d&#8217;occhio sito e social perch\u00e9 \u00e8 in arrivo un prolungamento di orari previsto nell&#8217;ultima settimana di mostra, per consentire a pi\u00f9 persone di regalarsi un&#8217;ora e mezza di pura bellezza.\u00a0 <\/p>","protected":false},"excerpt":{"rendered":"<p>Doveva essere l&#8217;evento clou tra le iniziative che celebravano i 500 anni dalla morte, invece la Mostra &#8216;Raffaello 1520-1483&#8217; non \u00e8 stata neppure inaugurata il 5 marzo scorso che la pandemia di covid 19 e il successivo provvedimento governativo di lockdown ha costretto alla chiusura degli spazi e le opere sono rimaste al buio per [&hellip;]<\/p>\n","protected":false},"author":1,"featured_media":967,"comment_status":"open","ping_status":"open","sticky":false,"template":"","format":"standard","meta":{"footnotes":""},"categories":[70,3],"tags":[75,74],"class_list":["post-966","post","type-post","status-publish","format-standard","has-post-thumbnail","hentry","category-mostre","category-mostre-ed-eventi","tag-raffaello","tag-roma"],"yoast_head":"<!-- This site is optimized with the Yoast SEO plugin v26.3 - https:\/\/yoast.com\/wordpress\/plugins\/seo\/ -->\n<title>Raffaello 1520-1483 - Roma - Itinerarte<\/title>\n<meta name=\"robots\" content=\"index, follow, max-snippet:-1, max-image-preview:large, max-video-preview:-1\" \/>\n<link rel=\"canonical\" href=\"https:\/\/www.itinerarte.eu\/en\/raffaello-1520-1483-roma\/\" \/>\n<meta property=\"og:locale\" content=\"en_GB\" \/>\n<meta property=\"og:type\" content=\"article\" \/>\n<meta property=\"og:title\" content=\"Raffaello 1520-1483 - Roma - Itinerarte\" \/>\n<meta property=\"og:description\" content=\"Doveva essere l&#8217;evento clou tra le iniziative che celebravano i 500 anni dalla morte, invece la Mostra &#8216;Raffaello 1520-1483&#8217; non \u00e8 stata neppure inaugurata il 5 marzo scorso che la pandemia di covid 19 e il successivo provvedimento governativo di lockdown ha costretto alla chiusura degli spazi e le opere sono rimaste al buio per [&hellip;]\" \/>\n<meta property=\"og:url\" content=\"https:\/\/www.itinerarte.eu\/en\/raffaello-1520-1483-roma\/\" \/>\n<meta property=\"og:site_name\" content=\"Itinerarte\" \/>\n<meta property=\"article:publisher\" content=\"https:\/\/www.facebook.com\/ItinerartElm\/\" \/>\n<meta property=\"article:published_time\" content=\"2020-08-03T11:59:00+00:00\" \/>\n<meta property=\"article:modified_time\" content=\"2020-08-03T12:00:35+00:00\" \/>\n<meta property=\"og:image\" content=\"https:\/\/www.itinerarte.eu\/wp-content\/uploads\/2020\/08\/WhatsApp-Image-2020-08-03-at-13.42.32.jpeg\" \/>\n\t<meta property=\"og:image:width\" content=\"1600\" \/>\n\t<meta property=\"og:image:height\" content=\"1254\" \/>\n\t<meta property=\"og:image:type\" content=\"image\/jpeg\" \/>\n<meta name=\"author\" content=\"Lucia\" \/>\n<meta name=\"twitter:card\" content=\"summary_large_image\" \/>\n<meta name=\"twitter:label1\" content=\"Written by\" \/>\n\t<meta name=\"twitter:data1\" content=\"Lucia\" \/>\n\t<meta name=\"twitter:label2\" content=\"Estimated reading time\" \/>\n\t<meta name=\"twitter:data2\" content=\"3 minutes\" \/>\n<script type=\"application\/ld+json\" class=\"yoast-schema-graph\">{\"@context\":\"https:\/\/schema.org\",\"@graph\":[{\"@type\":\"Article\",\"@id\":\"https:\/\/www.itinerarte.eu\/raffaello-1520-1483-roma\/#article\",\"isPartOf\":{\"@id\":\"https:\/\/www.itinerarte.eu\/raffaello-1520-1483-roma\/\"},\"author\":{\"name\":\"Lucia\",\"@id\":\"https:\/\/www.itinerarte.eu\/en\/#\/schema\/person\/b69b4527b651f3e22ea56d0e910e0e43\"},\"headline\":\"Raffaello 1520-1483 &#8211; Roma\",\"datePublished\":\"2020-08-03T11:59:00+00:00\",\"dateModified\":\"2020-08-03T12:00:35+00:00\",\"mainEntityOfPage\":{\"@id\":\"https:\/\/www.itinerarte.eu\/raffaello-1520-1483-roma\/\"},\"wordCount\":569,\"commentCount\":0,\"publisher\":{\"@id\":\"https:\/\/www.itinerarte.eu\/en\/#organization\"},\"image\":{\"@id\":\"https:\/\/www.itinerarte.eu\/raffaello-1520-1483-roma\/#primaryimage\"},\"thumbnailUrl\":\"https:\/\/www.itinerarte.eu\/wp-content\/uploads\/2020\/08\/WhatsApp-Image-2020-08-03-at-13.42.32.jpeg\",\"keywords\":[\"raffaello\",\"roma\"],\"articleSection\":[\"Mostre\",\"Mostre ed Eventi\"],\"inLanguage\":\"en-GB\",\"potentialAction\":[{\"@type\":\"CommentAction\",\"name\":\"Comment\",\"target\":[\"https:\/\/www.itinerarte.eu\/raffaello-1520-1483-roma\/#respond\"]}]},{\"@type\":\"WebPage\",\"@id\":\"https:\/\/www.itinerarte.eu\/raffaello-1520-1483-roma\/\",\"url\":\"https:\/\/www.itinerarte.eu\/raffaello-1520-1483-roma\/\",\"name\":\"Raffaello 1520-1483 - Roma - Itinerarte\",\"isPartOf\":{\"@id\":\"https:\/\/www.itinerarte.eu\/en\/#website\"},\"primaryImageOfPage\":{\"@id\":\"https:\/\/www.itinerarte.eu\/raffaello-1520-1483-roma\/#primaryimage\"},\"image\":{\"@id\":\"https:\/\/www.itinerarte.eu\/raffaello-1520-1483-roma\/#primaryimage\"},\"thumbnailUrl\":\"https:\/\/www.itinerarte.eu\/wp-content\/uploads\/2020\/08\/WhatsApp-Image-2020-08-03-at-13.42.32.jpeg\",\"datePublished\":\"2020-08-03T11:59:00+00:00\",\"dateModified\":\"2020-08-03T12:00:35+00:00\",\"breadcrumb\":{\"@id\":\"https:\/\/www.itinerarte.eu\/raffaello-1520-1483-roma\/#breadcrumb\"},\"inLanguage\":\"en-GB\",\"potentialAction\":[{\"@type\":\"ReadAction\",\"target\":[\"https:\/\/www.itinerarte.eu\/raffaello-1520-1483-roma\/\"]}]},{\"@type\":\"ImageObject\",\"inLanguage\":\"en-GB\",\"@id\":\"https:\/\/www.itinerarte.eu\/raffaello-1520-1483-roma\/#primaryimage\",\"url\":\"https:\/\/www.itinerarte.eu\/wp-content\/uploads\/2020\/08\/WhatsApp-Image-2020-08-03-at-13.42.32.jpeg\",\"contentUrl\":\"https:\/\/www.itinerarte.eu\/wp-content\/uploads\/2020\/08\/WhatsApp-Image-2020-08-03-at-13.42.32.jpeg\",\"width\":1600,\"height\":1254,\"caption\":\"Raffaello 1520-1483 - Roma\"},{\"@type\":\"BreadcrumbList\",\"@id\":\"https:\/\/www.itinerarte.eu\/raffaello-1520-1483-roma\/#breadcrumb\",\"itemListElement\":[{\"@type\":\"ListItem\",\"position\":1,\"name\":\"Home\",\"item\":\"https:\/\/www.itinerarte.eu\/en\/\"},{\"@type\":\"ListItem\",\"position\":2,\"name\":\"Raffaello 1520-1483 &#8211; Roma\"}]},{\"@type\":\"WebSite\",\"@id\":\"https:\/\/www.itinerarte.eu\/en\/#website\",\"url\":\"https:\/\/www.itinerarte.eu\/en\/\",\"name\":\"Itinerarte\",\"description\":\"\",\"publisher\":{\"@id\":\"https:\/\/www.itinerarte.eu\/en\/#organization\"},\"potentialAction\":[{\"@type\":\"SearchAction\",\"target\":{\"@type\":\"EntryPoint\",\"urlTemplate\":\"https:\/\/www.itinerarte.eu\/en\/?s={search_term_string}\"},\"query-input\":{\"@type\":\"PropertyValueSpecification\",\"valueRequired\":true,\"valueName\":\"search_term_string\"}}],\"inLanguage\":\"en-GB\"},{\"@type\":\"Organization\",\"@id\":\"https:\/\/www.itinerarte.eu\/en\/#organization\",\"name\":\"ItinerartE di Lucia Mulo\",\"url\":\"https:\/\/www.itinerarte.eu\/en\/\",\"logo\":{\"@type\":\"ImageObject\",\"inLanguage\":\"en-GB\",\"@id\":\"https:\/\/www.itinerarte.eu\/en\/#\/schema\/logo\/image\/\",\"url\":\"https:\/\/www.itinerarte.eu\/wp-content\/uploads\/2020\/07\/Risorsa-2iti1.png\",\"contentUrl\":\"https:\/\/www.itinerarte.eu\/wp-content\/uploads\/2020\/07\/Risorsa-2iti1.png\",\"width\":351,\"height\":142,\"caption\":\"ItinerartE di Lucia Mulo\"},\"image\":{\"@id\":\"https:\/\/www.itinerarte.eu\/en\/#\/schema\/logo\/image\/\"},\"sameAs\":[\"https:\/\/www.facebook.com\/ItinerartElm\/\",\"https:\/\/www.instagram.com\/itinerarte_lm\/\"]},{\"@type\":\"Person\",\"@id\":\"https:\/\/www.itinerarte.eu\/en\/#\/schema\/person\/b69b4527b651f3e22ea56d0e910e0e43\",\"name\":\"Lucia\",\"image\":{\"@type\":\"ImageObject\",\"inLanguage\":\"en-GB\",\"@id\":\"https:\/\/www.itinerarte.eu\/en\/#\/schema\/person\/image\/\",\"url\":\"https:\/\/secure.gravatar.com\/avatar\/eae99b4e2e0abfe2a9a51899b42cedbb7ad14aa63be839add405eddcfb4a21d3?s=96&d=mm&r=g\",\"contentUrl\":\"https:\/\/secure.gravatar.com\/avatar\/eae99b4e2e0abfe2a9a51899b42cedbb7ad14aa63be839add405eddcfb4a21d3?s=96&d=mm&r=g\",\"caption\":\"Lucia\"},\"url\":\"https:\/\/www.itinerarte.eu\/en\/author\/admin\/\"}]}<\/script>\n<!-- \/ Yoast SEO plugin. -->","yoast_head_json":{"title":"Raffaello 1520-1483 - Roma - Itinerarte","robots":{"index":"index","follow":"follow","max-snippet":"max-snippet:-1","max-image-preview":"max-image-preview:large","max-video-preview":"max-video-preview:-1"},"canonical":"https:\/\/www.itinerarte.eu\/en\/raffaello-1520-1483-roma\/","og_locale":"en_GB","og_type":"article","og_title":"Raffaello 1520-1483 - Roma - Itinerarte","og_description":"Doveva essere l&#8217;evento clou tra le iniziative che celebravano i 500 anni dalla morte, invece la Mostra &#8216;Raffaello 1520-1483&#8217; non \u00e8 stata neppure inaugurata il 5 marzo scorso che la pandemia di covid 19 e il successivo provvedimento governativo di lockdown ha costretto alla chiusura degli spazi e le opere sono rimaste al buio per [&hellip;]","og_url":"https:\/\/www.itinerarte.eu\/en\/raffaello-1520-1483-roma\/","og_site_name":"Itinerarte","article_publisher":"https:\/\/www.facebook.com\/ItinerartElm\/","article_published_time":"2020-08-03T11:59:00+00:00","article_modified_time":"2020-08-03T12:00:35+00:00","og_image":[{"width":1600,"height":1254,"url":"https:\/\/www.itinerarte.eu\/wp-content\/uploads\/2020\/08\/WhatsApp-Image-2020-08-03-at-13.42.32.jpeg","type":"image\/jpeg"}],"author":"Lucia","twitter_card":"summary_large_image","twitter_misc":{"Written by":"Lucia","Estimated reading time":"3 minutes"},"schema":{"@context":"https:\/\/schema.org","@graph":[{"@type":"Article","@id":"https:\/\/www.itinerarte.eu\/raffaello-1520-1483-roma\/#article","isPartOf":{"@id":"https:\/\/www.itinerarte.eu\/raffaello-1520-1483-roma\/"},"author":{"name":"Lucia","@id":"https:\/\/www.itinerarte.eu\/en\/#\/schema\/person\/b69b4527b651f3e22ea56d0e910e0e43"},"headline":"Raffaello 1520-1483 &#8211; Roma","datePublished":"2020-08-03T11:59:00+00:00","dateModified":"2020-08-03T12:00:35+00:00","mainEntityOfPage":{"@id":"https:\/\/www.itinerarte.eu\/raffaello-1520-1483-roma\/"},"wordCount":569,"commentCount":0,"publisher":{"@id":"https:\/\/www.itinerarte.eu\/en\/#organization"},"image":{"@id":"https:\/\/www.itinerarte.eu\/raffaello-1520-1483-roma\/#primaryimage"},"thumbnailUrl":"https:\/\/www.itinerarte.eu\/wp-content\/uploads\/2020\/08\/WhatsApp-Image-2020-08-03-at-13.42.32.jpeg","keywords":["raffaello","roma"],"articleSection":["Mostre","Mostre ed Eventi"],"inLanguage":"en-GB","potentialAction":[{"@type":"CommentAction","name":"Comment","target":["https:\/\/www.itinerarte.eu\/raffaello-1520-1483-roma\/#respond"]}]},{"@type":"WebPage","@id":"https:\/\/www.itinerarte.eu\/raffaello-1520-1483-roma\/","url":"https:\/\/www.itinerarte.eu\/raffaello-1520-1483-roma\/","name":"Raffaello 1520-1483 - Roma - Itinerarte","isPartOf":{"@id":"https:\/\/www.itinerarte.eu\/en\/#website"},"primaryImageOfPage":{"@id":"https:\/\/www.itinerarte.eu\/raffaello-1520-1483-roma\/#primaryimage"},"image":{"@id":"https:\/\/www.itinerarte.eu\/raffaello-1520-1483-roma\/#primaryimage"},"thumbnailUrl":"https:\/\/www.itinerarte.eu\/wp-content\/uploads\/2020\/08\/WhatsApp-Image-2020-08-03-at-13.42.32.jpeg","datePublished":"2020-08-03T11:59:00+00:00","dateModified":"2020-08-03T12:00:35+00:00","breadcrumb":{"@id":"https:\/\/www.itinerarte.eu\/raffaello-1520-1483-roma\/#breadcrumb"},"inLanguage":"en-GB","potentialAction":[{"@type":"ReadAction","target":["https:\/\/www.itinerarte.eu\/raffaello-1520-1483-roma\/"]}]},{"@type":"ImageObject","inLanguage":"en-GB","@id":"https:\/\/www.itinerarte.eu\/raffaello-1520-1483-roma\/#primaryimage","url":"https:\/\/www.itinerarte.eu\/wp-content\/uploads\/2020\/08\/WhatsApp-Image-2020-08-03-at-13.42.32.jpeg","contentUrl":"https:\/\/www.itinerarte.eu\/wp-content\/uploads\/2020\/08\/WhatsApp-Image-2020-08-03-at-13.42.32.jpeg","width":1600,"height":1254,"caption":"Raffaello 1520-1483 - Roma"},{"@type":"BreadcrumbList","@id":"https:\/\/www.itinerarte.eu\/raffaello-1520-1483-roma\/#breadcrumb","itemListElement":[{"@type":"ListItem","position":1,"name":"Home","item":"https:\/\/www.itinerarte.eu\/en\/"},{"@type":"ListItem","position":2,"name":"Raffaello 1520-1483 &#8211; Roma"}]},{"@type":"WebSite","@id":"https:\/\/www.itinerarte.eu\/en\/#website","url":"https:\/\/www.itinerarte.eu\/en\/","name":"Itinerarte","description":"","publisher":{"@id":"https:\/\/www.itinerarte.eu\/en\/#organization"},"potentialAction":[{"@type":"SearchAction","target":{"@type":"EntryPoint","urlTemplate":"https:\/\/www.itinerarte.eu\/en\/?s={search_term_string}"},"query-input":{"@type":"PropertyValueSpecification","valueRequired":true,"valueName":"search_term_string"}}],"inLanguage":"en-GB"},{"@type":"Organization","@id":"https:\/\/www.itinerarte.eu\/en\/#organization","name":"ItinerartE di Lucia Mulo","url":"https:\/\/www.itinerarte.eu\/en\/","logo":{"@type":"ImageObject","inLanguage":"en-GB","@id":"https:\/\/www.itinerarte.eu\/en\/#\/schema\/logo\/image\/","url":"https:\/\/www.itinerarte.eu\/wp-content\/uploads\/2020\/07\/Risorsa-2iti1.png","contentUrl":"https:\/\/www.itinerarte.eu\/wp-content\/uploads\/2020\/07\/Risorsa-2iti1.png","width":351,"height":142,"caption":"ItinerartE di Lucia Mulo"},"image":{"@id":"https:\/\/www.itinerarte.eu\/en\/#\/schema\/logo\/image\/"},"sameAs":["https:\/\/www.facebook.com\/ItinerartElm\/","https:\/\/www.instagram.com\/itinerarte_lm\/"]},{"@type":"Person","@id":"https:\/\/www.itinerarte.eu\/en\/#\/schema\/person\/b69b4527b651f3e22ea56d0e910e0e43","name":"Lucia","image":{"@type":"ImageObject","inLanguage":"en-GB","@id":"https:\/\/www.itinerarte.eu\/en\/#\/schema\/person\/image\/","url":"https:\/\/secure.gravatar.com\/avatar\/eae99b4e2e0abfe2a9a51899b42cedbb7ad14aa63be839add405eddcfb4a21d3?s=96&d=mm&r=g","contentUrl":"https:\/\/secure.gravatar.com\/avatar\/eae99b4e2e0abfe2a9a51899b42cedbb7ad14aa63be839add405eddcfb4a21d3?s=96&d=mm&r=g","caption":"Lucia"},"url":"https:\/\/www.itinerarte.eu\/en\/author\/admin\/"}]}},"_links":{"self":[{"href":"https:\/\/www.itinerarte.eu\/en\/wp-json\/wp\/v2\/posts\/966","targetHints":{"allow":["GET"]}}],"collection":[{"href":"https:\/\/www.itinerarte.eu\/en\/wp-json\/wp\/v2\/posts"}],"about":[{"href":"https:\/\/www.itinerarte.eu\/en\/wp-json\/wp\/v2\/types\/post"}],"author":[{"embeddable":true,"href":"https:\/\/www.itinerarte.eu\/en\/wp-json\/wp\/v2\/users\/1"}],"replies":[{"embeddable":true,"href":"https:\/\/www.itinerarte.eu\/en\/wp-json\/wp\/v2\/comments?post=966"}],"version-history":[{"count":3,"href":"https:\/\/www.itinerarte.eu\/en\/wp-json\/wp\/v2\/posts\/966\/revisions"}],"predecessor-version":[{"id":971,"href":"https:\/\/www.itinerarte.eu\/en\/wp-json\/wp\/v2\/posts\/966\/revisions\/971"}],"wp:featuredmedia":[{"embeddable":true,"href":"https:\/\/www.itinerarte.eu\/en\/wp-json\/wp\/v2\/media\/967"}],"wp:attachment":[{"href":"https:\/\/www.itinerarte.eu\/en\/wp-json\/wp\/v2\/media?parent=966"}],"wp:term":[{"taxonomy":"category","embeddable":true,"href":"https:\/\/www.itinerarte.eu\/en\/wp-json\/wp\/v2\/categories?post=966"},{"taxonomy":"post_tag","embeddable":true,"href":"https:\/\/www.itinerarte.eu\/en\/wp-json\/wp\/v2\/tags?post=966"}],"curies":[{"name":"wp","href":"https:\/\/api.w.org\/{rel}","templated":true}]}}